{"id":18112,"date":"2025-08-26T02:53:50","date_gmt":"2025-08-26T02:53:50","guid":{"rendered":"https:\/\/reviewvietnamtoday.com\/?p=18112"},"modified":"2025-08-26T02:53:51","modified_gmt":"2025-08-26T02:53:51","slug":"schedule-of-the-a80-parade-and-march-at-ba-dinh-square","status":"publish","type":"post","link":"https:\/\/reviewvietnamtoday.com\/index.php\/2025\/08\/26\/schedule-of-the-a80-parade-and-march-at-ba-dinh-square\/","title":{"rendered":"Schedule of the A80 Parade and March at Ba \u0110\u00ecnh Square"},"content":{"rendered":"\n<p class=\"has-x-small-font-size\">In the solemn and heroic atmosphere of celebrating the 80th anniversary of a historic milestone of the nation, the <strong>A80 Parade and March<\/strong> will be held with grandeur at <strong>Ba \u0110\u00ecnh Square, Hanoi<\/strong> \u2013 the heart of the capital. This is not only a significant political and cultural event but also an occasion for people across the country to honor glorious traditions, rekindle national pride, and strengthen solidarity.<\/p>\n\n\n\n<p><strong>Detailed Schedule of the A80 Event<\/strong><\/p>\n\n\n\n<p class=\"has-x-small-font-size\">To prepare for the official celebration, several rehearsal sessions and full-scale run-throughs have been planned:<\/p>\n\n\n\n<p>\ud83d\udd39 <strong>Combined Rehearsals<\/strong><\/p>\n\n\n\n<ul class=\"wp-block-list has-x-small-font-size\">\n<li>20:00 \u2013 Thursday, August 21 at Ba \u0110\u00ecnh Square.<\/li>\n\n\n\n<li>20:00 \u2013 Sunday, August 24 at Ba \u0110\u00ecnh Square.<\/li>\n<\/ul>\n\n\n\n<p>\ud83d\udd39 <strong>State-level Preliminary Rehearsal<\/strong><\/p>\n\n\n\n<ul class=\"wp-block-list\">\n<li class=\"has-x-small-font-size\">20:00 \u2013 Wednesday, August 27 at Ba \u0110\u00ecnh Square and nearby streets.<\/li>\n<\/ul>\n\n\n\n<p>\ud83d\udd39 <strong>State-level Full Dress Rehearsal<\/strong><\/p>\n\n\n\n<ul class=\"wp-block-list\">\n<li class=\"has-x-small-font-size\">06:30 \u2013 Saturday, August 30 at Ba \u0110\u00ecnh Square and nearby streets.<\/li>\n<\/ul>\n\n\n\n<p>\ud83d\udd39 <strong>National Celebration \u2013 Official Parade and March<\/strong><\/p>\n\n\n\n<ul class=\"wp-block-list\">\n<li class=\"has-x-small-font-size\">06:30 \u2013 Tuesday, September 2 at Ba \u0110\u00ecnh Square and surrounding areas.<\/li>\n<\/ul>\n\n\n\n<figure class=\"wp-block-image size-full\"><img loading=\"lazy\" decoding=\"async\" width=\"1440\" height=\"960\" src=\"https:\/\/reviewvietnamtoday.com\/wp-content\/uploads\/2025\/08\/1-30.jpg\" alt=\"\" class=\"wp-image-18113\"\/><\/figure>\n\n\n\n<figure class=\"wp-block-image size-full\"><img loading=\"lazy\" decoding=\"async\" width=\"1920\" height=\"1281\" src=\"https:\/\/reviewvietnamtoday.com\/wp-content\/uploads\/2025\/08\/2-29.jpg\" alt=\"\" class=\"wp-image-18114\"\/><\/figure>\n\n\n\n<figure class=\"wp-block-image size-full\"><img loading=\"lazy\" decoding=\"async\" width=\"1920\" height=\"1281\" src=\"https:\/\/reviewvietnamtoday.com\/wp-content\/uploads\/2025\/08\/3-32.jpg\" alt=\"\" class=\"wp-image-18115\"\/><\/figure>\n\n\n\n<figure class=\"wp-block-image size-full\"><img loading=\"lazy\" decoding=\"async\" width=\"1920\" height=\"1281\" src=\"https:\/\/reviewvietnamtoday.com\/wp-content\/uploads\/2025\/08\/4-31.jpg\" alt=\"\" class=\"wp-image-18116\"\/><\/figure>\n\n\n\n<figure class=\"wp-block-image size-full\"><img loading=\"lazy\" decoding=\"async\" width=\"1920\" height=\"1281\" src=\"https:\/\/reviewvietnamtoday.com\/wp-content\/uploads\/2025\/08\/5-32.jpg\" alt=\"\" class=\"wp-image-18117\"\/><\/figure>\n\n\n\n<figure class=\"wp-block-image size-full\"><img loading=\"lazy\" decoding=\"async\" width=\"1920\" height=\"1280\" src=\"https:\/\/reviewvietnamtoday.com\/wp-content\/uploads\/2025\/08\/6-31.jpg\" alt=\"\" class=\"wp-image-18118\"\/><\/figure>\n\n\n\n<figure class=\"wp-block-image size-full\"><img loading=\"lazy\" decoding=\"async\" width=\"1920\" height=\"1280\" src=\"https:\/\/reviewvietnamtoday.com\/wp-content\/uploads\/2025\/08\/7-29.jpg\" alt=\"\" class=\"wp-image-18119\"\/><\/figure>\n\n\n\n<figure class=\"wp-block-image size-full\"><img loading=\"lazy\" decoding=\"async\" width=\"1920\" height=\"1280\" src=\"https:\/\/reviewvietnamtoday.com\/wp-content\/uploads\/2025\/08\/8-29.jpg\" alt=\"\" class=\"wp-image-18120\"\/><\/figure>\n\n\n\n<figure class=\"wp-block-image size-full\"><img loading=\"lazy\" decoding=\"async\" width=\"1920\" height=\"1280\" src=\"https:\/\/reviewvietnamtoday.com\/wp-content\/uploads\/2025\/08\/9-31.jpg\" alt=\"\" class=\"wp-image-18121\"\/><\/figure>\n\n\n\n<figure class=\"wp-block-image size-full\"><img loading=\"lazy\" decoding=\"async\" width=\"1920\" height=\"1280\" src=\"https:\/\/reviewvietnamtoday.com\/wp-content\/uploads\/2025\/08\/10-30.jpg\" alt=\"\" class=\"wp-image-18122\"\/><\/figure>\n\n\n\n<figure class=\"wp-block-image size-full\"><img loading=\"lazy\" decoding=\"async\" width=\"1920\" height=\"1280\" src=\"https:\/\/reviewvietnamtoday.com\/wp-content\/uploads\/2025\/08\/11-30.jpg\" alt=\"\" class=\"wp-image-18123\"\/><\/figure>\n\n\n\n<figure class=\"wp-block-image size-full\"><img loading=\"lazy\" decoding=\"async\" width=\"1920\" height=\"1280\" src=\"https:\/\/reviewvietnamtoday.com\/wp-content\/uploads\/2025\/08\/12-31.jpg\" alt=\"\" class=\"wp-image-18124\"\/><\/figure>\n\n\n\n<p><strong>The Significance of the A80 Parade and March<\/strong><\/p>\n\n\n\n<p class=\"has-x-small-font-size\">The parade and march is a <strong>national-scale event<\/strong>, recreating the heroic spirit of history while showcasing the unity and resilience of the Vietnamese people.<\/p>\n\n\n\n<ul class=\"wp-block-list has-x-small-font-size\">\n<li>It is an opportunity for today\u2019s generations to reflect on the nation\u2019s glorious struggles.<\/li>\n\n\n\n<li>It fosters patriotism and national pride among citizens.<\/li>\n\n\n\n<li>Taking place at <strong>Ba \u0110\u00ecnh Square<\/strong> \u2013 a site tied to many sacred milestones \u2013 the event holds even greater meaning and solemnity.<\/li>\n<\/ul>\n\n\n\n<figure class=\"wp-block-image size-full\"><img loading=\"lazy\" decoding=\"async\" width=\"1920\" height=\"1280\" src=\"https:\/\/reviewvietnamtoday.com\/wp-content\/uploads\/2025\/08\/13-31.jpg\" alt=\"\" class=\"wp-image-18125\"\/><\/figure>\n\n\n\n<figure class=\"wp-block-image size-full\"><img loading=\"lazy\" decoding=\"async\" width=\"1080\" height=\"680\" src=\"https:\/\/reviewvietnamtoday.com\/wp-content\/uploads\/2025\/08\/14-29.jpg\" alt=\"\" class=\"wp-image-18126\"\/><\/figure>\n\n\n\n<figure class=\"wp-block-image size-full\"><img loading=\"lazy\" decoding=\"async\" width=\"1920\" height=\"1280\" src=\"https:\/\/reviewvietnamtoday.com\/wp-content\/uploads\/2025\/08\/15-32.jpg\" alt=\"\" class=\"wp-image-18127\"\/><\/figure>\n\n\n\n<figure class=\"wp-block-image size-full\"><img loading=\"lazy\" decoding=\"async\" width=\"1920\" height=\"1280\" src=\"https:\/\/reviewvietnamtoday.com\/wp-content\/uploads\/2025\/08\/16-30.jpg\" alt=\"\" class=\"wp-image-18128\"\/><\/figure>\n\n\n\n<figure class=\"wp-block-image size-full\"><img loading=\"lazy\" decoding=\"async\" width=\"1920\" height=\"1280\" src=\"https:\/\/reviewvietnamtoday.com\/wp-content\/uploads\/2025\/08\/17-31.jpg\" alt=\"\" class=\"wp-image-18129\"\/><\/figure>\n\n\n\n<figure class=\"wp-block-image size-full\"><img loading=\"lazy\" decoding=\"async\" width=\"1920\" height=\"1280\" src=\"https:\/\/reviewvietnamtoday.com\/wp-content\/uploads\/2025\/08\/18-32.jpg\" alt=\"\" class=\"wp-image-18130\"\/><\/figure>\n\n\n\n<figure class=\"wp-block-image size-full\"><img loading=\"lazy\" decoding=\"async\" width=\"1920\" height=\"1280\" src=\"https:\/\/reviewvietnamtoday.com\/wp-content\/uploads\/2025\/08\/19-34.jpg\" alt=\"\" class=\"wp-image-18131\"\/><\/figure>\n\n\n\n<figure class=\"wp-block-image size-full\"><img loading=\"lazy\" decoding=\"async\" width=\"1920\" height=\"1280\" src=\"https:\/\/reviewvietnamtoday.com\/wp-content\/uploads\/2025\/08\/20-32.jpg\" alt=\"\" class=\"wp-image-18132\"\/><\/figure>\n\n\n\n<figure class=\"wp-block-image size-full\"><img loading=\"lazy\" decoding=\"async\" width=\"1080\" height=\"720\" src=\"https:\/\/reviewvietnamtoday.com\/wp-content\/uploads\/2025\/08\/21-33.jpg\" alt=\"\" class=\"wp-image-18133\"\/><\/figure>\n\n\n\n<figure class=\"wp-block-image size-full\"><img loading=\"lazy\" decoding=\"async\" width=\"1920\" height=\"1280\" src=\"https:\/\/reviewvietnamtoday.com\/wp-content\/uploads\/2025\/08\/22-34.jpg\" alt=\"\" class=\"wp-image-18134\"\/><\/figure>\n\n\n\n<figure class=\"wp-block-image size-full\"><img loading=\"lazy\" decoding=\"async\" width=\"1920\" height=\"1280\" src=\"https:\/\/reviewvietnamtoday.com\/wp-content\/uploads\/2025\/08\/23-33.jpg\" alt=\"\" class=\"wp-image-18135\"\/><\/figure>\n\n\n\n<figure class=\"wp-block-image size-full\"><img loading=\"lazy\" decoding=\"async\" width=\"1920\" height=\"1280\" src=\"https:\/\/reviewvietnamtoday.com\/wp-content\/uploads\/2025\/08\/24-33.jpg\" alt=\"\" class=\"wp-image-18136\"\/><\/figure>\n\n\n\n<figure class=\"wp-block-image size-full\"><img loading=\"lazy\" decoding=\"async\" width=\"1920\" height=\"1280\" src=\"https:\/\/reviewvietnamtoday.com\/wp-content\/uploads\/2025\/08\/25-31.jpg\" alt=\"\" class=\"wp-image-18137\"\/><\/figure>\n\n\n\n<figure class=\"wp-block-image size-full\"><img loading=\"lazy\" decoding=\"async\" width=\"1920\" height=\"1280\" src=\"https:\/\/reviewvietnamtoday.com\/wp-content\/uploads\/2025\/08\/26-31.jpg\" alt=\"\" class=\"wp-image-18138\"\/><\/figure>\n\n\n\n<p><strong>Notes for Citizens and Visitors<\/strong><\/p>\n\n\n\n<p class=\"has-x-small-font-size\">If you plan to attend or follow the A80 event, please keep in mind:<\/p>\n\n\n\n<ul class=\"wp-block-list has-x-small-font-size\">\n<li>Traffic around Ba \u0110\u00ecnh Square will be rerouted during rehearsal days and on September 2.<\/li>\n\n\n\n<li>The public can watch the event live at Ba \u0110\u00ecnh Square or via national television broadcasts.<\/li>\n\n\n\n<li>Arrive early if you want to fully experience the parade atmosphere in person.<\/li>\n<\/ul>\n\n\n\n<figure class=\"wp-block-image size-full is-resized\"><img loading=\"lazy\" decoding=\"async\" width=\"592\" height=\"395\" src=\"https:\/\/reviewvietnamtoday.com\/wp-content\/uploads\/2025\/08\/28-29.jpg\" alt=\"\" class=\"wp-image-18139\" style=\"width:1140px;height:auto\"\/><\/figure>\n\n\n\n<figure class=\"wp-block-image size-full\"><img loading=\"lazy\" decoding=\"async\" width=\"1920\" height=\"1280\" src=\"https:\/\/reviewvietnamtoday.com\/wp-content\/uploads\/2025\/08\/29-29.jpg\" alt=\"\" class=\"wp-image-18140\"\/><\/figure>\n\n\n\n<p class=\"has-x-small-font-size\">The <strong>A80 Parade and March<\/strong> is not only an important political and cultural celebration but also a chance for the entire nation to relive its proud history together. Let us all follow, witness, and spread the spirit of patriotism and unity that burns brightly in the hearts of every Vietnamese.<\/p>\n\n\n\n<p class=\"has-x-small-font-size\">\ud83d\udc49 Don\u2019t miss the <strong>official national celebration, parade, and march<\/strong> on <strong>September 2 at Ba \u0110\u00ecnh Square, Hanoi<\/strong> \u2013 a sacred and unforgettable historical event of 2025!<\/p>\n\n\n\n<p class=\"has-x-small-font-size\"><a href=\"https:\/\/www.google.com\/maps\/place\/Qu%E1%BA%A3ng+tr%C6%B0%E1%BB%9Dng+Ba+%C4%90%C3%ACnh,+Ba+%C4%90%C3%ACnh,+H%C3%A0+N%E1%BB%99i,+Vi%E1%BB%87t+Nam\/@21.0372704,105.8346435,18z\/data=!3m1!4b1!4m6!3m5!1s0x3135aba3f18070cb:0x7c424a101ad8c25b!8m2!3d21.0374458!4d105.8360018!16s%2Fg%2F11b8vcrvs5?entry=ttu&amp;g_ep=EgoyMDI1MDgxOS4wIKXMDSoASAFQAw%3D%3D\">Ba \u0110\u00ecnh, H\u00e0 N\u1ed9i, Vi\u1ec7t Nam<\/a><\/p>\n","protected":false},"excerpt":{"rendered":"<p>In the solemn and heroic atmosphere of celebrating the 80th anniversary of a historic milestone of the nation, the A80 Parade and March will be held with grandeur at Ba \u0110\u00ecnh Square, Hanoi \u2013 the heart of the capital. This is not only a significant political and cultural event but also an occasion for people &hellip; <\/p>\n<p class=\"link-more\"><a href=\"https:\/\/reviewvietnamtoday.com\/index.php\/2025\/08\/26\/schedule-of-the-a80-parade-and-march-at-ba-dinh-square\/\" class=\"more-link\">Read more<span class=\"screen-reader-text\"> &#8220;Schedule of the A80 Parade and March at Ba \u0110\u00ecnh Square&#8221;<\/span><\/a><\/p>\n","protected":false},"author":1,"featured_media":18113,"comment_status":"open","ping_status":"open","sticky":false,"template":"","format":"standard","meta":{"footnotes":""},"categories":[4,6],"tags":[],"class_list":["post-18112","post","type-post","status-publish","format-standard","has-post-thumbnail","hentry","category-ha-noi","category-review-service"],"_links":{"self":[{"href":"https:\/\/reviewvietnamtoday.com\/index.php\/wp-json\/wp\/v2\/posts\/18112","targetHints":{"allow":["GET"]}}],"collection":[{"href":"https:\/\/reviewvietnamtoday.com\/index.php\/wp-json\/wp\/v2\/posts"}],"about":[{"href":"https:\/\/reviewvietnamtoday.com\/index.php\/wp-json\/wp\/v2\/types\/post"}],"author":[{"embeddable":true,"href":"https:\/\/reviewvietnamtoday.com\/index.php\/wp-json\/wp\/v2\/users\/1"}],"replies":[{"embeddable":true,"href":"https:\/\/reviewvietnamtoday.com\/index.php\/wp-json\/wp\/v2\/comments?post=18112"}],"version-history":[{"count":1,"href":"https:\/\/reviewvietnamtoday.com\/index.php\/wp-json\/wp\/v2\/posts\/18112\/revisions"}],"predecessor-version":[{"id":18141,"href":"https:\/\/reviewvietnamtoday.com\/index.php\/wp-json\/wp\/v2\/posts\/18112\/revisions\/18141"}],"wp:featuredmedia":[{"embeddable":true,"href":"https:\/\/reviewvietnamtoday.com\/index.php\/wp-json\/wp\/v2\/media\/18113"}],"wp:attachment":[{"href":"https:\/\/reviewvietnamtoday.com\/index.php\/wp-json\/wp\/v2\/media?parent=18112"}],"wp:term":[{"taxonomy":"category","embeddable":true,"href":"https:\/\/reviewvietnamtoday.com\/index.php\/wp-json\/wp\/v2\/categories?post=18112"},{"taxonomy":"post_tag","embeddable":true,"href":"https:\/\/reviewvietnamtoday.com\/index.php\/wp-json\/wp\/v2\/tags?post=18112"}],"curies":[{"name":"wp","href":"https:\/\/api.w.org\/{rel}","templated":true}]}}